{"id":71,"date":"2011-06-14T21:40:19","date_gmt":"2011-06-14T20:40:19","guid":{"rendered":"http:\/\/blink.se\/wordpress\/?p=71"},"modified":"2020-11-07T22:42:29","modified_gmt":"2020-11-07T21:42:29","slug":"marder-ii-detta-torde-vara-min-andra","status":"publish","type":"post","link":"https:\/\/pansarper.blink.se\/?p=71","title":{"rendered":"Marder II"},"content":{"rendered":"<p>Detta torde vara min andra f\u00e4rdigst\u00e4llda modell efter Return of the Modellbyggare. Den \u00e4r inte s\u00e5 dum tycker jag sj\u00e4lv, trots gummiband och s\u00e5nt. Det \u00e4r hursomhelst Tamiyas Marder II. Anledningen till att den inte dykt upp tidigare var att jag f\u00f6r ett tag sen fick den inte alls s\u00e5 dumma id\u00e9n att g\u00f6ra en basplatta till den. Sen kom den mindre bra id\u00e9n att, eftersom banden snurrar (multimedia!) g\u00f6ra sp\u00e5r i gipset p\u00e5 plattan med hj\u00e4lp av banden. Resultatet blev att modellen blev full av gips och av bandsp\u00e5ren blev det mest gr\u00f6t. Det tog n\u00e5t \u00e5r innan jag orkade ta tag i mitt misslyckande och reng\u00f6ra den fr\u00e5n gipset (sj\u00e4lva reng\u00f6ringen tog ca 15 minuter).<\/p>\n<p><img loading=\"lazy\" decoding=\"async\" class=\"alignnone size-full wp-image-213\" src=\"http:\/\/pansarper.blink.se\/wp-content\/uploads\/2011\/06\/Marder_2_003.jpg\" alt=\"\" width=\"1024\" height=\"768\" srcset=\"https:\/\/pansarper.blink.se\/wp-content\/uploads\/2011\/06\/Marder_2_003.jpg 1024w, https:\/\/pansarper.blink.se\/wp-content\/uploads\/2011\/06\/Marder_2_003-300x225.jpg 300w, https:\/\/pansarper.blink.se\/wp-content\/uploads\/2011\/06\/Marder_2_003-624x468.jpg 624w\" sizes=\"auto, (max-width: 1024px) 100vw, 1024px\" \/><\/p>\n<p>Lite historia, f\u00f6r det \u00e4r bra med bildning:<br \/>Marder-serien togs fram som en n\u00f6dl\u00f6sning n\u00e4r Sovjet introducerade T-34:an. De vagnar tyskarna hade tillg\u00e5ng till hade f\u00f6r klena kanoner f\u00f6r T-34:ans pansar. Man kunde till stor del kompensera med taktik och allm\u00e4nt skickligare pansarbes\u00e4ttningar samt pansarv\u00e4rnskanoner, men pansartruppernas behov av b\u00e4ttre kanoner var stort.<\/p>\n<p><img loading=\"lazy\" decoding=\"async\" class=\"alignnone size-full wp-image-212\" src=\"http:\/\/pansarper.blink.se\/wp-content\/uploads\/2011\/06\/Marder_2_002.jpg\" alt=\"\" width=\"1024\" height=\"768\" srcset=\"https:\/\/pansarper.blink.se\/wp-content\/uploads\/2011\/06\/Marder_2_002.jpg 1024w, https:\/\/pansarper.blink.se\/wp-content\/uploads\/2011\/06\/Marder_2_002-300x225.jpg 300w, https:\/\/pansarper.blink.se\/wp-content\/uploads\/2011\/06\/Marder_2_002-624x468.jpg 624w\" sizes=\"auto, (max-width: 1024px) 100vw, 1024px\" \/><\/p>\n<p>L\u00f6sningen blev ett sammelsurium av f\u00f6r\u00e5ldrade stridsvagnschassin med p\u00e5monterade pansarv\u00e4rnskanoner, i Marder IIs fall sovjetiska 7,62 cms kanoner som er\u00f6vrats i enorma m\u00e4ngder under f\u00e4ltt\u00e5gets f\u00f6rsta m\u00e5nader. Man bytte pipa p\u00e5 kanonen f\u00f6r att kunna anv\u00e4nda tyska 7,5 cms standardammunitionen som var lite b\u00e4ttre \u00e4n den ryska och skruvade p\u00e5 den p\u00e5 ett Panzer II-chassi och h\u00e4ngde p\u00e5 lite pansarpl\u00e5t.<\/p>\n<p><img loading=\"lazy\" decoding=\"async\" class=\"alignnone size-full wp-image-211\" src=\"http:\/\/pansarper.blink.se\/wp-content\/uploads\/2011\/06\/Marder_2_001.jpg\" alt=\"\" width=\"1024\" height=\"768\" srcset=\"https:\/\/pansarper.blink.se\/wp-content\/uploads\/2011\/06\/Marder_2_001.jpg 1024w, https:\/\/pansarper.blink.se\/wp-content\/uploads\/2011\/06\/Marder_2_001-300x225.jpg 300w, https:\/\/pansarper.blink.se\/wp-content\/uploads\/2011\/06\/Marder_2_001-624x468.jpg 624w\" sizes=\"auto, (max-width: 1024px) 100vw, 1024px\" \/><\/p>\n<p>Mardern anv\u00e4ndes p\u00e5 alla fronter under st\u00f6rre delen av kriget. Den var ingen offensiv vagn p\u00e5 grund av det mesiga pansaret, den h\u00f6ga siluetten och det \u00f6ppna stridsutrymmet, men kanonen var tillr\u00e4ckligt bra f\u00f6r att g\u00f6ra h\u00e5l p\u00e5 det mesta s\u00e5 man fortsatte att anv\u00e4nda den f\u00f6r f\u00f6rsvar.<\/p>\n<p><img loading=\"lazy\" decoding=\"async\" class=\"alignnone size-full wp-image-215\" src=\"http:\/\/pansarper.blink.se\/wp-content\/uploads\/2011\/06\/Marder_2_005.jpg\" alt=\"\" width=\"768\" height=\"1024\" srcset=\"https:\/\/pansarper.blink.se\/wp-content\/uploads\/2011\/06\/Marder_2_005.jpg 768w, https:\/\/pansarper.blink.se\/wp-content\/uploads\/2011\/06\/Marder_2_005-225x300.jpg 225w, https:\/\/pansarper.blink.se\/wp-content\/uploads\/2011\/06\/Marder_2_005-624x832.jpg 624w\" sizes=\"auto, (max-width: 768px) 100vw, 768px\" \/><\/p>\n<p><img loading=\"lazy\" decoding=\"async\" class=\"alignnone size-full wp-image-210\" src=\"http:\/\/pansarper.blink.se\/wp-content\/uploads\/2011\/06\/Marder_2_006.jpg\" alt=\"\" width=\"1024\" height=\"768\" srcset=\"https:\/\/pansarper.blink.se\/wp-content\/uploads\/2011\/06\/Marder_2_006.jpg 1024w, https:\/\/pansarper.blink.se\/wp-content\/uploads\/2011\/06\/Marder_2_006-300x225.jpg 300w, https:\/\/pansarper.blink.se\/wp-content\/uploads\/2011\/06\/Marder_2_006-624x468.jpg 624w\" sizes=\"auto, (max-width: 1024px) 100vw, 1024px\" \/><\/p>\n\n\n<p><\/p>\n","protected":false},"excerpt":{"rendered":"<p>Detta torde vara min andra f\u00e4rdigst\u00e4llda modell efter Return of the Modellbyggare. Den \u00e4r inte s\u00e5 dum tycker jag sj\u00e4lv, trots gummiband och s\u00e5nt. Det \u00e4r hursomhelst Tamiyas Marder II. Anledningen till att den inte dykt upp tidigare var att jag f\u00f6r ett tag sen fick den inte alls s\u00e5 dumma id\u00e9n att g\u00f6ra en&#8230; <a class=\"more-link\" href=\"https:\/\/pansarper.blink.se\/?p=71\">Continue reading <span class=\"meta-nav\">&#8594;<\/span><\/a><\/p>\n","protected":false},"author":2,"featured_media":0,"comment_status":"open","ping_status":"open","sticky":false,"template":"","format":"gallery","meta":{"footnotes":""},"categories":[16],"tags":[4,3],"class_list":["post-71","post","type-post","status-publish","format-gallery","hentry","category-pansar","tag-andra-varldskriget","tag-tyskt","post_format-post-format-gallery"],"_links":{"self":[{"href":"https:\/\/pansarper.blink.se\/index.php?rest_route=\/wp\/v2\/posts\/71","targetHints":{"allow":["GET"]}}],"collection":[{"href":"https:\/\/pansarper.blink.se\/index.php?rest_route=\/wp\/v2\/posts"}],"about":[{"href":"https:\/\/pansarper.blink.se\/index.php?rest_route=\/wp\/v2\/types\/post"}],"author":[{"embeddable":true,"href":"https:\/\/pansarper.blink.se\/index.php?rest_route=\/wp\/v2\/users\/2"}],"replies":[{"embeddable":true,"href":"https:\/\/pansarper.blink.se\/index.php?rest_route=%2Fwp%2Fv2%2Fcomments&post=71"}],"version-history":[{"count":3,"href":"https:\/\/pansarper.blink.se\/index.php?rest_route=\/wp\/v2\/posts\/71\/revisions"}],"predecessor-version":[{"id":1018,"href":"https:\/\/pansarper.blink.se\/index.php?rest_route=\/wp\/v2\/posts\/71\/revisions\/1018"}],"wp:attachment":[{"href":"https:\/\/pansarper.blink.se\/index.php?rest_route=%2Fwp%2Fv2%2Fmedia&parent=71"}],"wp:term":[{"taxonomy":"category","embeddable":true,"href":"https:\/\/pansarper.blink.se\/index.php?rest_route=%2Fwp%2Fv2%2Fcategories&post=71"},{"taxonomy":"post_tag","embeddable":true,"href":"https:\/\/pansarper.blink.se\/index.php?rest_route=%2Fwp%2Fv2%2Ftags&post=71"}],"curies":[{"name":"wp","href":"https:\/\/api.w.org\/{rel}","templated":true}]}}