{"id":23,"date":"2012-12-19T21:42:00","date_gmt":"2012-12-19T20:42:00","guid":{"rendered":"http:\/\/blink.se\/wordpress\/?p=23"},"modified":"2019-04-17T09:18:32","modified_gmt":"2019-04-17T08:18:32","slug":"tv-i-ett-det-var-ett-tag-sen-sist-som-det","status":"publish","type":"post","link":"https:\/\/pansarper.blink.se\/?p=23","title":{"rendered":"Tv\u00e5 i ett!"},"content":{"rendered":"<p><img loading=\"lazy\" decoding=\"async\" class=\"alignnone size-full wp-image-152\" src=\"http:\/\/pansarper.blink.se\/wp-content\/uploads\/2012\/12\/IMG_3880.jpg\" alt=\"\" width=\"1024\" height=\"768\" srcset=\"https:\/\/pansarper.blink.se\/wp-content\/uploads\/2012\/12\/IMG_3880.jpg 1024w, https:\/\/pansarper.blink.se\/wp-content\/uploads\/2012\/12\/IMG_3880-300x225.jpg 300w, https:\/\/pansarper.blink.se\/wp-content\/uploads\/2012\/12\/IMG_3880-624x468.jpg 624w\" sizes=\"auto, (max-width: 1024px) 100vw, 1024px\" \/> <img loading=\"lazy\" decoding=\"async\" class=\"alignnone size-full wp-image-151\" src=\"http:\/\/pansarper.blink.se\/wp-content\/uploads\/2012\/12\/IMG_3878.jpg\" alt=\"\" width=\"1024\" height=\"768\" srcset=\"https:\/\/pansarper.blink.se\/wp-content\/uploads\/2012\/12\/IMG_3878.jpg 1024w, https:\/\/pansarper.blink.se\/wp-content\/uploads\/2012\/12\/IMG_3878-300x225.jpg 300w, https:\/\/pansarper.blink.se\/wp-content\/uploads\/2012\/12\/IMG_3878-624x468.jpg 624w\" sizes=\"auto, (max-width: 1024px) 100vw, 1024px\" \/> <img loading=\"lazy\" decoding=\"async\" class=\"alignnone size-full wp-image-150\" src=\"http:\/\/pansarper.blink.se\/wp-content\/uploads\/2012\/12\/IMG_3877.jpg\" alt=\"\" width=\"1024\" height=\"768\" srcset=\"https:\/\/pansarper.blink.se\/wp-content\/uploads\/2012\/12\/IMG_3877.jpg 1024w, https:\/\/pansarper.blink.se\/wp-content\/uploads\/2012\/12\/IMG_3877-300x225.jpg 300w, https:\/\/pansarper.blink.se\/wp-content\/uploads\/2012\/12\/IMG_3877-624x468.jpg 624w\" sizes=\"auto, (max-width: 1024px) 100vw, 1024px\" \/> <img loading=\"lazy\" decoding=\"async\" class=\"alignnone size-full wp-image-149\" src=\"http:\/\/pansarper.blink.se\/wp-content\/uploads\/2012\/12\/IMG_3875.jpg\" alt=\"\" width=\"1024\" height=\"768\" srcset=\"https:\/\/pansarper.blink.se\/wp-content\/uploads\/2012\/12\/IMG_3875.jpg 1024w, https:\/\/pansarper.blink.se\/wp-content\/uploads\/2012\/12\/IMG_3875-300x225.jpg 300w, https:\/\/pansarper.blink.se\/wp-content\/uploads\/2012\/12\/IMG_3875-624x468.jpg 624w\" sizes=\"auto, (max-width: 1024px) 100vw, 1024px\" \/><br \/>\nDet var ett tag sen sist som det heter, meeeeen nu kan jag presentera ett nytt f\u00e4rdigst\u00e4llt konstverk f\u00f6r er, k\u00e4ra l\u00e4sare! Jag kallar det \u201cF\u00e5gelj\u00e4vlen fann f\u00f6r gott att d\u00f6&#8221;. Titta nog s\u00e5 ser ni eventuellt varf\u00f6r.<\/p>\n<p>Detta \u00e4r Dragons zimmeritade Jagdpanther st\u00e5endet p\u00e5 Miniarts \u201cWall with door&#8221; eller vad den nu kan heta. N\u00e5gonstans i Frankrike ska det ha funnits en mur med en d\u00f6rr som s\u00e5g ut s\u00e5h\u00e4r, enligt Miniart. L\u00e4gg m\u00e4rke till att d\u00f6rren \u00e4r tillr\u00e4ckligt tjock f\u00f6r att stoppa finkalibrig eld. Som gr\u00e4smatta provade jag f\u00f6rst modellj\u00e4rnv\u00e4gs-flock, men det s\u00e5g lite f\u00f6r dockhus ut, vilket \u00e4ven modellj\u00e4rnv\u00e4gstr\u00e4det jag f\u00f6rs\u00f6kte med gjorde. Modellj\u00e4rnv\u00e4gsbyggarnas landskapsdetaljer f\u00f6refaller lite f\u00f6r glada f\u00f6r att man ska st\u00e4lla stridsvagnar vid dem. Tr\u00e5kigt, eftersom det \u00e4r s\u00e5 sv\u00e5rt att g\u00f6ra tr\u00e4d. Det blev tillslut h\u00e5rt friserad gr\u00e4smatta fr\u00e5n Model-scene med n\u00e5gra penselh\u00e5r innan jag tr\u00f6ttnade p\u00e5 det och l\u00e4t det vara. Stenh\u00f6gen p\u00e5 baksidan \u00e4r tr\u00e4dets orginalplacering om ni undrar.<\/p>\n<p>Bes\u00e4ttningen kommer fr\u00e5n\u2026 N\u00e5n tillverkare, tunnor och dunkar fr\u00e5n Tamiya, ammunition fr\u00e5n diverse byggsatser. Anledningen till att det tog sjukt l\u00e5ng tid att f\u00e5 ihop allt var att jag var s\u00e5 f\u00f6rbaskat oplanerad. Man ska veta vad man vill g\u00f6ra fr\u00e5n b\u00f6rjan och det visste inte jag, men nu har jag ju tryckt in en massa skrot som jag k\u00f6pt f\u00f6r just detta \u00e4ndam\u00e5l p\u00e5 samma basplatta s\u00e5 jag \u00e4r n\u00f6jd. Och den \u00e4r ju f\u00e4rdig, vilket g\u00f6r mig \u00e4nnu mer n\u00f6jd!<\/p>\n<p>Om Jagdpanthern d\u00e5, eftersom jag gillar att dela med mig av min v\u00e4rdefulla kunskap om 70 \u00e5r gamla stridsfordon. Jagdpanthern togs fram eftersom det var s\u00e5 man best\u00e4mt att man skulle g\u00f6ra i Tyskland. Tog man fram en stridsvagn, s\u00e5 skulle man bygga en pansarv\u00e4rnskanonvagn p\u00e5 samma chassi. Sagt och gjort, n\u00e5t geni ritade en Jagdpanther. Utan tvekan den b\u00e4sta pansarv\u00e4rnskanonvagn som n\u00e5gonsin byggts. Panthers goda framkomlighet, kombinerad med tjockt och v\u00e4l lutat frontpansar, samt kanonen 88mm L\/71 som delades med <a href=\"http:\/\/pansarper.tumblr.com\/post\/2687574917\/panzerkampfwagen-tiger-ausf-b-dragons\">Tiger II<\/a> gjorde den sv\u00e5r\u00f6vertr\u00e4ffad (och sv\u00e5rtr\u00e4ffad ocks\u00e5, haha!). Dock s\u00e5 var Panthern s\u00e5 poppis att bara 382 Jagdpanthrar blev byggda. Men Panthern var ju ocks\u00e5 bra. Den avbildade vagnen \u00e4r en av dom tidigaste, invigda l\u00e4sare noterar detta p\u00e5 att kanonens pipa \u00e4r i ett stycke, p\u00e5 senare vagnar delades kanonen f\u00f6r att l\u00e4ttare kunna bytas samt att man f\u00f6rbrukade mindre material. Man hann p\u00e5 dom 382 vagnarna med inte mindre \u00e4n tre varianter p\u00e5 kanonen.<\/p>\n<p>I \u00f6vrigt s\u00e5 dog ju som sagt f\u00e5geln under fotograferingen, samt att en tunna visas ur sin absolut s\u00e4msta vinkel (jag beh\u00f6vde bli klar, jag hade ingen lust att l\u00e4gga ner en timme p\u00e5 en j\u00e4vla tunna!).<\/p>\n<p>God jul och gott nytt \u00e5r d\u00e4rute!<\/p>\n","protected":false},"excerpt":{"rendered":"<p>Det var ett tag sen sist som det heter, meeeeen nu kan jag presentera ett nytt f\u00e4rdigst\u00e4llt konstverk f\u00f6r er, k\u00e4ra l\u00e4sare! Jag kallar det \u201cF\u00e5gelj\u00e4vlen fann f\u00f6r gott att d\u00f6&#8221;. Titta nog s\u00e5 ser ni eventuellt varf\u00f6r. Detta \u00e4r Dragons zimmeritade Jagdpanther st\u00e5endet p\u00e5 Miniarts \u201cWall with door&#8221; eller vad den nu kan heta&#8230;. <a class=\"more-link\" href=\"https:\/\/pansarper.blink.se\/?p=23\">Continue reading <span class=\"meta-nav\">&#8594;<\/span><\/a><\/p>\n","protected":false},"author":2,"featured_media":0,"comment_status":"open","ping_status":"open","sticky":false,"template":"","format":"gallery","meta":{"footnotes":""},"categories":[16],"tags":[],"class_list":["post-23","post","type-post","status-publish","format-gallery","hentry","category-pansar","post_format-post-format-gallery"],"_links":{"self":[{"href":"https:\/\/pansarper.blink.se\/index.php?rest_route=\/wp\/v2\/posts\/23","targetHints":{"allow":["GET"]}}],"collection":[{"href":"https:\/\/pansarper.blink.se\/index.php?rest_route=\/wp\/v2\/posts"}],"about":[{"href":"https:\/\/pansarper.blink.se\/index.php?rest_route=\/wp\/v2\/types\/post"}],"author":[{"embeddable":true,"href":"https:\/\/pansarper.blink.se\/index.php?rest_route=\/wp\/v2\/users\/2"}],"replies":[{"embeddable":true,"href":"https:\/\/pansarper.blink.se\/index.php?rest_route=%2Fwp%2Fv2%2Fcomments&post=23"}],"version-history":[{"count":3,"href":"https:\/\/pansarper.blink.se\/index.php?rest_route=\/wp\/v2\/posts\/23\/revisions"}],"predecessor-version":[{"id":870,"href":"https:\/\/pansarper.blink.se\/index.php?rest_route=\/wp\/v2\/posts\/23\/revisions\/870"}],"wp:attachment":[{"href":"https:\/\/pansarper.blink.se\/index.php?rest_route=%2Fwp%2Fv2%2Fmedia&parent=23"}],"wp:term":[{"taxonomy":"category","embeddable":true,"href":"https:\/\/pansarper.blink.se\/index.php?rest_route=%2Fwp%2Fv2%2Fcategories&post=23"},{"taxonomy":"post_tag","embeddable":true,"href":"https:\/\/pansarper.blink.se\/index.php?rest_route=%2Fwp%2Fv2%2Ftags&post=23"}],"curies":[{"name":"wp","href":"https:\/\/api.w.org\/{rel}","templated":true}]}}