{"id":15,"date":"2013-03-18T19:57:13","date_gmt":"2013-03-18T18:57:13","guid":{"rendered":"http:\/\/blink.se\/wordpress\/?p=15"},"modified":"2020-11-07T23:11:43","modified_gmt":"2020-11-07T22:11:43","slug":"panzer-35-t-panzer-35-var-fr-n-b-rjan-en","status":"publish","type":"post","link":"https:\/\/pansarper.blink.se\/?p=15","title":{"rendered":"Panzer 35(t)"},"content":{"rendered":"<p>Panzer 35 var fr\u00e5n b\u00f6rjan en Tjeckoslovakisk l\u00e4tt stridsvagn som tillverkades i ett relativt stort antal varav m\u00e5nga tillf\u00f6ll Tyskland n\u00e4r tyskarna annekterade Sudetenlandet. Det var v\u00e4l en f\u00f6r sin tid t\u00e4mligen kompetent vagn, men den \u00e5ldrades raskt n\u00e4r v\u00e4rldskriget kom ig\u00e5ng. Reservdelarna tog slut och den sista operativa 35:an i tyska arm\u00e9n l\u00e4r ha stannat vid Moskvas utkanter under vintern 1941.<\/p>\n<p>Vagnen gjorde ocks\u00e5 tj\u00e4nst i Slovakien och Bulgarien som k\u00f6pte ett antal fr\u00e5n Tjeckoslovakien f\u00f6re kriget.<\/p>\n<p>I \u00f6vrigt kan man ju notera att det var en d\u00e5lig id\u00e9 att k\u00f6pa en h\u00f6gblank ram till detta, det ser ju snyggt ut om den \u00e4r putsad och nog putsade jag den innan jag tog bilderna, men som synes s\u00e5 hj\u00e4lpte detta f\u00f6ga.<\/p>\n<p>Modellen \u00e4r fr\u00e5n Tristar och riktigt trevlig, Fritz \u00e4r v\u00e4lgjord och detaljerad med snyggt ansikte, som mina m\u00e5lningsskillz inte riktigt ger r\u00e4ttvisa.<\/p>\n<p>Avbildningen visar en stridsvagn under f\u00e4ltt\u00e5get i Frankrike.<\/p>\n<p>Eftersom den h\u00e4r blev fel, se n\u00e4sta post f\u00f6r korrekt avbildning!<\/p>\n","protected":false},"excerpt":{"rendered":"<p>Panzer 35 var fr\u00e5n b\u00f6rjan en Tjeckoslovakisk l\u00e4tt stridsvagn som tillverkades i ett relativt stort antal varav m\u00e5nga tillf\u00f6ll Tyskland n\u00e4r tyskarna annekterade Sudetenlandet. Det var v\u00e4l en f\u00f6r sin tid t\u00e4mligen kompetent vagn, men den \u00e5ldrades raskt n\u00e4r v\u00e4rldskriget kom ig\u00e5ng. Reservdelarna tog slut och den sista operativa 35:an i tyska arm\u00e9n l\u00e4r ha&#8230; <a class=\"more-link\" href=\"https:\/\/pansarper.blink.se\/?p=15\">Continue reading <span class=\"meta-nav\">&#8594;<\/span><\/a><\/p>\n","protected":false},"author":2,"featured_media":0,"comment_status":"open","ping_status":"open","sticky":false,"template":"","format":"gallery","meta":{"footnotes":""},"categories":[16],"tags":[],"class_list":["post-15","post","type-post","status-publish","format-gallery","hentry","category-pansar","post_format-post-format-gallery"],"_links":{"self":[{"href":"https:\/\/pansarper.blink.se\/index.php?rest_route=\/wp\/v2\/posts\/15","targetHints":{"allow":["GET"]}}],"collection":[{"href":"https:\/\/pansarper.blink.se\/index.php?rest_route=\/wp\/v2\/posts"}],"about":[{"href":"https:\/\/pansarper.blink.se\/index.php?rest_route=\/wp\/v2\/types\/post"}],"author":[{"embeddable":true,"href":"https:\/\/pansarper.blink.se\/index.php?rest_route=\/wp\/v2\/users\/2"}],"replies":[{"embeddable":true,"href":"https:\/\/pansarper.blink.se\/index.php?rest_route=%2Fwp%2Fv2%2Fcomments&post=15"}],"version-history":[{"count":4,"href":"https:\/\/pansarper.blink.se\/index.php?rest_route=\/wp\/v2\/posts\/15\/revisions"}],"predecessor-version":[{"id":1040,"href":"https:\/\/pansarper.blink.se\/index.php?rest_route=\/wp\/v2\/posts\/15\/revisions\/1040"}],"wp:attachment":[{"href":"https:\/\/pansarper.blink.se\/index.php?rest_route=%2Fwp%2Fv2%2Fmedia&parent=15"}],"wp:term":[{"taxonomy":"category","embeddable":true,"href":"https:\/\/pansarper.blink.se\/index.php?rest_route=%2Fwp%2Fv2%2Fcategories&post=15"},{"taxonomy":"post_tag","embeddable":true,"href":"https:\/\/pansarper.blink.se\/index.php?rest_route=%2Fwp%2Fv2%2Ftags&post=15"}],"curies":[{"name":"wp","href":"https:\/\/api.w.org\/{rel}","templated":true}]}}